{"id":84,"date":"2024-02-03T17:15:29","date_gmt":"2024-02-03T17:15:29","guid":{"rendered":"https:\/\/varbiro.hu\/?p=84"},"modified":"2026-01-27T17:45:33","modified_gmt":"2026-01-27T17:45:33","slug":"bihari-agnes-a-mu-a-medve-mar-a-szigetmonostori-spajzban-van","status":"publish","type":"post","link":"https:\/\/varbiro.hu\/index.php\/2024\/02\/03\/bihari-agnes-a-mu-a-medve-mar-a-szigetmonostori-spajzban-van\/","title":{"rendered":"Bihari \u00c1gnes\u00a0+\u00a0A m\u0171: A medve m\u00e1r a szigetmonostori sp\u00e1jzban\u00a0van"},"content":{"rendered":"\n<figure class=\"wp-block-image size-full has-custom-border\"><img fetchpriority=\"high\" decoding=\"async\" width=\"800\" height=\"600\" src=\"https:\/\/varbiro.hu\/wp-content\/uploads\/2026\/01\/24-02-03-003.jpg\" alt=\"\" class=\"wp-image-85\" style=\"border-top-left-radius:20px;border-top-right-radius:20px;border-bottom-left-radius:20px;border-bottom-right-radius:20px\" srcset=\"https:\/\/varbiro.hu\/wp-content\/uploads\/2026\/01\/24-02-03-003.jpg 800w, https:\/\/varbiro.hu\/wp-content\/uploads\/2026\/01\/24-02-03-003-300x225.jpg 300w, https:\/\/varbiro.hu\/wp-content\/uploads\/2026\/01\/24-02-03-003-768x576.jpg 768w\" sizes=\"(max-width: 800px) 100vw, 800px\" \/><\/figure>\n\n\n\n<p>Szigetmonostorra p\u00e1r \u00e9ve egyre t\u00f6bb, a f\u0151v\u00e1rost k\u00fcl\u00f6nb\u00f6z\u0151 okok miatt elhagy\u00f3 k\u00e9pz\u0151m\u0171v\u00e9sz \u00e9rkezik, \u00e9s ennek az exodusnak a hat\u00e1sa egyre jobban \u00e9rz\u0151dik\u00a0 a befogad\u00f3 telep\u00fcl\u00e9sen. Ezekben a napokban p\u00e9ld\u00e1ul a \u2018betelep\u00fcl\u0151k\u2019 k\u00f6z\u00fcl j\u00f3 p\u00e1ran \u00e1ll\u00edtanak ki jobb\u00e1ra helyi, de nem kev\u00e9sb\u00e9 izgalmasan gondolkod\u00f3 alkot\u00f3kkal egy\u00fctt egy k\u00fcl\u00f6nleges, h\u00e1romnapos, Off Kijev Bienn\u00e1le n\u00e9vre keresztelt fesztiv\u00e1lon.\u00a0<em>A m\u0171<\/em>\u00a0(HVG) k\u00e9pes besz\u00e1mol\u00f3ja a cs\u00fct\u00f6rt\u00f6ki nyit\u00f3napr\u00f3l. (..)<\/p>\n\n\n\n<figure class=\"wp-block-image size-full has-custom-border\"><img decoding=\"async\" width=\"800\" height=\"600\" src=\"https:\/\/varbiro.hu\/wp-content\/uploads\/2026\/01\/24-02-03-002.jpg\" alt=\"\" class=\"wp-image-86\" style=\"border-top-left-radius:20px;border-top-right-radius:20px;border-bottom-left-radius:20px;border-bottom-right-radius:20px\" srcset=\"https:\/\/varbiro.hu\/wp-content\/uploads\/2026\/01\/24-02-03-002.jpg 800w, https:\/\/varbiro.hu\/wp-content\/uploads\/2026\/01\/24-02-03-002-300x225.jpg 300w, https:\/\/varbiro.hu\/wp-content\/uploads\/2026\/01\/24-02-03-002-768x576.jpg 768w\" sizes=\"(max-width: 800px) 100vw, 800px\" \/><\/figure>\n\n\n\n<p>A megnyit\u00f3n Alexandra Szkocsilenko, szentp\u00e9terv\u00e1ri m\u0171v\u00e9sz besz\u00e9d\u00e9t olvasta fel a mesters\u00e9ges intelligencia, mivel a b\u00f6rt\u00f6nben \u00fcl\u0151 fiatal alkot\u00f3 csak pap\u00edrra vetett \u00edr\u00e1sos \u00fczenetben kommunik\u00e1lhat \u00fcgyv\u00e9dein kereszt\u00fcl a k\u00fclvil\u00e1ggal. Jelenleg 7 \u00e9ves b\u00f6rt\u00f6nb\u00fcntet\u00e9s\u00e9t t\u00f6lti&nbsp;<a href=\"https:\/\/hvg.hu\/elet\/20220414_arcedula_orosz_muvesz_borton\">h\u00e1bor\u00faellenes m\u0171v\u00e9szeti akci\u00f3j\u00e1\u00e9rt.<\/a><\/p>\n\n\n\n<p><em>Ki\u00e1ll\u00edt\u00f3 alkot\u00f3k: Kasz\u00e1s Tam\u00e1s, Kiss G\u00e9za, Kiss Tam\u00e1s rest\/artist, Kl\u00f6pfler Tibor,<\/em>&nbsp;<em>Mocskos M\u00fazs\u00e1k (Hecker P\u00e9ter \u00e9s fest\u0151 oszt\u00e1lya \u2013 ELTE Savaria: Fekete Bogl\u00e1rka, Varga<\/em>&nbsp;<em>Andr\u00e1s, Lantos N\u00f3ra, Somogyi Roberta, Szab\u00f3 Z\u00f3ra, Jenei Bernadett), SZAF (Fischer Judit, M\u00e9cs Mikl\u00f3s), Szalay P\u00e9ter, V\u00e1rbir\u00f3 Kinga Evelin, W Horv\u00e1th Tibor<\/em><\/p>\n\n\n\n<p>A rendezv\u00e9ny p\u00e9nteken \u00e9s szombaton gazdag, hasonl\u00f3an elgondolkodtat\u00f3&nbsp;<a href=\"https:\/\/www.facebook.com\/events\/397479436038421\/?active_tab=discussion\">programokkal<\/a>&nbsp;v\u00e1rja k\u00f6z\u00f6ns\u00e9g\u00e9t.<\/p>\n\n\n\n<p><a href=\"https:\/\/amu.hvg.hu\/2024\/02\/02\/a-medve-mar-a-szigetmonostori-spajzban-van-off-kijev-biennale\/\" target=\"_blank\" rel=\"noreferrer noopener\">A megnyit\u00f3n k\u00e9sz\u00fclt sz\u00e1mos fot\u00f3t is bemutat\u00f3 teljes \u00edr\u00e1s a HVG weboldal\u00e1nak \u201cA m\u0171\u201d rovat\u00e1ban olvashat\u00f3 &gt;&gt;<\/a><\/p>\n","protected":false},"excerpt":{"rendered":"<p>Szigetmonostorra p\u00e1r \u00e9ve egyre t\u00f6bb, a f\u0151v\u00e1rost k\u00fcl\u00f6nb\u00f6z\u0151 okok miatt elhagy\u00f3 k\u00e9pz\u0151m\u0171v\u00e9sz \u00e9rkezik, \u00e9s ennek az exodusnak a hat\u00e1sa egyre jobban \u00e9rz\u0151dik\u00a0 a befogad\u00f3 telep\u00fcl\u00e9sen. Ezekben a napokban p\u00e9ld\u00e1ul a \u2018betelep\u00fcl\u0151k\u2019 k\u00f6z\u00fcl j\u00f3 p\u00e1ran \u00e1ll\u00edtanak ki jobb\u00e1ra helyi, de nem kev\u00e9sb\u00e9 izgalmasan gondolkod\u00f3 alkot\u00f3kkal egy\u00fctt egy k\u00fcl\u00f6nleges, h\u00e1romnapos, Off Kijev Bienn\u00e1le n\u00e9vre keresztelt fesztiv\u00e1lon.\u00a0A m\u0171\u00a0(HVG) [&hellip;]<\/p>\n","protected":false},"author":2,"featured_media":0,"comment_status":"open","ping_status":"open","sticky":false,"template":"","format":"standard","meta":{"footnotes":""},"categories":[4,1],"tags":[],"class_list":["post-84","post","type-post","status-publish","format-standard","hentry","category-kiallitas-rendezveny","category-uncategorized"],"jetpack_featured_media_url":"","_links":{"self":[{"href":"https:\/\/varbiro.hu\/index.php\/wp-json\/wp\/v2\/posts\/84","targetHints":{"allow":["GET"]}}],"collection":[{"href":"https:\/\/varbiro.hu\/index.php\/wp-json\/wp\/v2\/posts"}],"about":[{"href":"https:\/\/varbiro.hu\/index.php\/wp-json\/wp\/v2\/types\/post"}],"author":[{"embeddable":true,"href":"https:\/\/varbiro.hu\/index.php\/wp-json\/wp\/v2\/users\/2"}],"replies":[{"embeddable":true,"href":"https:\/\/varbiro.hu\/index.php\/wp-json\/wp\/v2\/comments?post=84"}],"version-history":[{"count":1,"href":"https:\/\/varbiro.hu\/index.php\/wp-json\/wp\/v2\/posts\/84\/revisions"}],"predecessor-version":[{"id":87,"href":"https:\/\/varbiro.hu\/index.php\/wp-json\/wp\/v2\/posts\/84\/revisions\/87"}],"wp:attachment":[{"href":"https:\/\/varbiro.hu\/index.php\/wp-json\/wp\/v2\/media?parent=84"}],"wp:term":[{"taxonomy":"category","embeddable":true,"href":"https:\/\/varbiro.hu\/index.php\/wp-json\/wp\/v2\/categories?post=84"},{"taxonomy":"post_tag","embeddable":true,"href":"https:\/\/varbiro.hu\/index.php\/wp-json\/wp\/v2\/tags?post=84"}],"curies":[{"name":"wp","href":"https:\/\/api.w.org\/{rel}","templated":true}]}}