{"id":80,"date":"2024-01-27T13:11:50","date_gmt":"2024-01-27T13:11:50","guid":{"rendered":"https:\/\/varbiro.hu\/?p=80"},"modified":"2026-01-27T17:45:17","modified_gmt":"2026-01-27T17:45:17","slug":"off-kijev-biennale-2024","status":"publish","type":"post","link":"https:\/\/varbiro.hu\/index.php\/2024\/01\/27\/off-kijev-biennale-2024\/","title":{"rendered":"Off Kijev Bienn\u00e1l\u00e9\u00a02024"},"content":{"rendered":"\n<p>H\u00e1rom napra \u00fajra a m\u0171v\u00e9szet\u00e9 a t\u00e9r Szigetmonostoron \u00e9s \u00e9n is a ki\u00e1ll\u00edt\u00f3k k\u00f6z\u00f6tt vagyok. Gyertek el, tartsatok vel\u00fcnk ezen a k\u00fcl\u00f6nleges esem\u00e9nyen, minden program ingyenes. A rendezv\u00e9ny mindh\u00e1rom napja alatt forr\u00f3 te\u00e1val, s\u00fctem\u00e9nnyel \u00e9s zs\u00edros keny\u00e9rrel v\u00e1rjuk a l\u00e1togat\u00f3kat, valamint az Art oszt\u00e1ly sz\u00ednj\u00e1tsz\u00f3- \u00e9s dr\u00e1mak\u00f6r sziv\u00e1rv\u00e1ny (feln\u0151tt) csoportj\u00e1nak \u00f6lel\u0151 alakulata Art-\u00f6lel\u0151 b\u00e9ke hadm\u0171velet kereteiben teljes\u00edt szolg\u00e1latot.<\/p>\n\n\n\n<figure class=\"wp-block-image size-full\"><img fetchpriority=\"high\" decoding=\"async\" width=\"800\" height=\"608\" src=\"https:\/\/varbiro.hu\/wp-content\/uploads\/2026\/01\/24-02-01-003.jpg\" alt=\"\" class=\"wp-image-81\" srcset=\"https:\/\/varbiro.hu\/wp-content\/uploads\/2026\/01\/24-02-01-003.jpg 800w, https:\/\/varbiro.hu\/wp-content\/uploads\/2026\/01\/24-02-01-003-300x228.jpg 300w, https:\/\/varbiro.hu\/wp-content\/uploads\/2026\/01\/24-02-01-003-768x584.jpg 768w\" sizes=\"(max-width: 800px) 100vw, 800px\" \/><\/figure>\n\n\n\n<p><strong>Helysz\u00edn:&nbsp;<\/strong>Szigetmonostor<br>R\u00e9gi Vend\u00e9gl\u0151, M\u00e1ty\u00e1s kir\u00e1ly t\u00e9r 4<br>Ifj\u00fas\u00e1gi h\u00e1z, Ady u. 1\/a<\/p>\n\n\n\n<p><strong>Nyitva tart\u00e1s:<\/strong><br>2024. Febru\u00e1r 1. (cs\u00fct.) 16.00-19.00<br>2024. Febru\u00e1r 2. (p\u00e9ntek) 15.00-18.00<br>2024. Febru\u00e1r 3. (szombat) 16.00-19.00<\/p>\n\n\n\n<p>Tov\u00e1bbi inform\u00e1ci\u00f3k:&nbsp;<a href=\"https:\/\/www.facebook.com\/offkijbi\" target=\"_blank\" rel=\"noreferrer noopener\">Facebook \u2013 Off Kijev Bienn\u00e1l\u00e9 2024 &gt;&gt;<\/a><\/p>\n\n\n\n<figure class=\"wp-block-image size-full\"><img decoding=\"async\" width=\"800\" height=\"557\" src=\"https:\/\/varbiro.hu\/wp-content\/uploads\/2026\/01\/24-02-01-002.jpg\" alt=\"\" class=\"wp-image-82\" srcset=\"https:\/\/varbiro.hu\/wp-content\/uploads\/2026\/01\/24-02-01-002.jpg 800w, https:\/\/varbiro.hu\/wp-content\/uploads\/2026\/01\/24-02-01-002-300x209.jpg 300w, https:\/\/varbiro.hu\/wp-content\/uploads\/2026\/01\/24-02-01-002-768x535.jpg 768w\" sizes=\"(max-width: 800px) 100vw, 800px\" \/><\/figure>\n\n\n\n<p><\/p>\n","protected":false},"excerpt":{"rendered":"<p>H\u00e1rom napra \u00fajra a m\u0171v\u00e9szet\u00e9 a t\u00e9r Szigetmonostoron \u00e9s \u00e9n is a ki\u00e1ll\u00edt\u00f3k k\u00f6z\u00f6tt vagyok. Gyertek el, tartsatok vel\u00fcnk ezen a k\u00fcl\u00f6nleges esem\u00e9nyen, minden program ingyenes. A rendezv\u00e9ny mindh\u00e1rom napja alatt forr\u00f3 te\u00e1val, s\u00fctem\u00e9nnyel \u00e9s zs\u00edros keny\u00e9rrel v\u00e1rjuk a l\u00e1togat\u00f3kat, valamint az Art oszt\u00e1ly sz\u00ednj\u00e1tsz\u00f3- \u00e9s dr\u00e1mak\u00f6r sziv\u00e1rv\u00e1ny (feln\u0151tt) csoportj\u00e1nak \u00f6lel\u0151 alakulata Art-\u00f6lel\u0151 b\u00e9ke hadm\u0171velet [&hellip;]<\/p>\n","protected":false},"author":2,"featured_media":0,"comment_status":"open","ping_status":"open","sticky":false,"template":"","format":"standard","meta":{"footnotes":""},"categories":[4],"tags":[],"class_list":["post-80","post","type-post","status-publish","format-standard","hentry","category-kiallitas-rendezveny"],"jetpack_featured_media_url":"","_links":{"self":[{"href":"https:\/\/varbiro.hu\/index.php\/wp-json\/wp\/v2\/posts\/80","targetHints":{"allow":["GET"]}}],"collection":[{"href":"https:\/\/varbiro.hu\/index.php\/wp-json\/wp\/v2\/posts"}],"about":[{"href":"https:\/\/varbiro.hu\/index.php\/wp-json\/wp\/v2\/types\/post"}],"author":[{"embeddable":true,"href":"https:\/\/varbiro.hu\/index.php\/wp-json\/wp\/v2\/users\/2"}],"replies":[{"embeddable":true,"href":"https:\/\/varbiro.hu\/index.php\/wp-json\/wp\/v2\/comments?post=80"}],"version-history":[{"count":1,"href":"https:\/\/varbiro.hu\/index.php\/wp-json\/wp\/v2\/posts\/80\/revisions"}],"predecessor-version":[{"id":83,"href":"https:\/\/varbiro.hu\/index.php\/wp-json\/wp\/v2\/posts\/80\/revisions\/83"}],"wp:attachment":[{"href":"https:\/\/varbiro.hu\/index.php\/wp-json\/wp\/v2\/media?parent=80"}],"wp:term":[{"taxonomy":"category","embeddable":true,"href":"https:\/\/varbiro.hu\/index.php\/wp-json\/wp\/v2\/categories?post=80"},{"taxonomy":"post_tag","embeddable":true,"href":"https:\/\/varbiro.hu\/index.php\/wp-json\/wp\/v2\/tags?post=80"}],"curies":[{"name":"wp","href":"https:\/\/api.w.org\/{rel}","templated":true}]}}