{"id":189,"date":"2024-09-02T18:17:41","date_gmt":"2024-09-02T16:17:41","guid":{"rendered":"https:\/\/varbiro.hu\/?p=189"},"modified":"2026-01-28T18:18:35","modified_gmt":"2026-01-28T17:18:35","slug":"ujraalkotott-ko-betonszobraszati-kiallitas-2024","status":"publish","type":"post","link":"https:\/\/varbiro.hu\/index.php\/2024\/09\/02\/ujraalkotott-ko-betonszobraszati-kiallitas-2024\/","title":{"rendered":"\u00dajraalkotott k\u0151 &#8211; Betonszobr\u00e1szati Ki\u00e1ll\u00edt\u00e1s 2024"},"content":{"rendered":"\n<figure class=\"wp-block-image size-large\"><img fetchpriority=\"high\" decoding=\"async\" width=\"724\" height=\"1024\" src=\"https:\/\/varbiro.hu\/wp-content\/uploads\/2026\/01\/ujraalkotott_ko_plakat-724x1024.jpg\" alt=\"\" class=\"wp-image-190\" srcset=\"https:\/\/varbiro.hu\/wp-content\/uploads\/2026\/01\/ujraalkotott_ko_plakat-724x1024.jpg 724w, https:\/\/varbiro.hu\/wp-content\/uploads\/2026\/01\/ujraalkotott_ko_plakat-212x300.jpg 212w, https:\/\/varbiro.hu\/wp-content\/uploads\/2026\/01\/ujraalkotott_ko_plakat-768x1086.jpg 768w, https:\/\/varbiro.hu\/wp-content\/uploads\/2026\/01\/ujraalkotott_ko_plakat-1086x1536.jpg 1086w, https:\/\/varbiro.hu\/wp-content\/uploads\/2026\/01\/ujraalkotott_ko_plakat-1448x2048.jpg 1448w, https:\/\/varbiro.hu\/wp-content\/uploads\/2026\/01\/ujraalkotott_ko_plakat-scaled.jpg 1810w\" sizes=\"(max-width: 724px) 100vw, 724px\" \/><\/figure>\n\n\n\n<h2 class=\"wp-block-heading\">Vaszary K\u00e9pt\u00e1r, Kaposv\u00e1r<\/h2>\n\n\n\n<p><strong>2024. szeptember 9 &#8211; november 30<\/strong>.<\/p>\n\n\n\n<p>Ki\u00e1ll\u00edt\u00f3 m\u0171v\u00e9szek: Bar\u00f3thy anna, Csurgai Ferenc, Farkas-Pap \u00c9va, Makra Zolt\u00e1n, Mind\u00e1k Gergely, Szil\u00e1gyi Csilla, Papp Pala L\u00e1szl\u00f3, Varga Tibor, V\u00e1rbir\u00f3 Kinga, Veres Bal\u00e1zs<\/p>\n\n\n\n<figure class=\"wp-block-image size-large\"><img decoding=\"async\" width=\"741\" height=\"1024\" src=\"https:\/\/varbiro.hu\/wp-content\/uploads\/2026\/01\/bejarat-mellett_ujraalkotott_ko-741x1024.jpg\" alt=\"\" class=\"wp-image-191\" srcset=\"https:\/\/varbiro.hu\/wp-content\/uploads\/2026\/01\/bejarat-mellett_ujraalkotott_ko-741x1024.jpg 741w, https:\/\/varbiro.hu\/wp-content\/uploads\/2026\/01\/bejarat-mellett_ujraalkotott_ko-217x300.jpg 217w, https:\/\/varbiro.hu\/wp-content\/uploads\/2026\/01\/bejarat-mellett_ujraalkotott_ko-768x1061.jpg 768w, https:\/\/varbiro.hu\/wp-content\/uploads\/2026\/01\/bejarat-mellett_ujraalkotott_ko-1112x1536.jpg 1112w, https:\/\/varbiro.hu\/wp-content\/uploads\/2026\/01\/bejarat-mellett_ujraalkotott_ko-1483x2048.jpg 1483w, https:\/\/varbiro.hu\/wp-content\/uploads\/2026\/01\/bejarat-mellett_ujraalkotott_ko-scaled.jpg 1854w\" sizes=\"(max-width: 741px) 100vw, 741px\" \/><\/figure>\n\n\n\n<figure class=\"wp-block-image size-large\"><img decoding=\"async\" width=\"1024\" height=\"536\" src=\"https:\/\/varbiro.hu\/wp-content\/uploads\/2026\/01\/ujraalkotott_ko_BORITO_MUVESZEKKEL_FERDE-1024x536.jpg\" alt=\"\" class=\"wp-image-192\" srcset=\"https:\/\/varbiro.hu\/wp-content\/uploads\/2026\/01\/ujraalkotott_ko_BORITO_MUVESZEKKEL_FERDE-1024x536.jpg 1024w, https:\/\/varbiro.hu\/wp-content\/uploads\/2026\/01\/ujraalkotott_ko_BORITO_MUVESZEKKEL_FERDE-300x157.jpg 300w, https:\/\/varbiro.hu\/wp-content\/uploads\/2026\/01\/ujraalkotott_ko_BORITO_MUVESZEKKEL_FERDE-768x402.jpg 768w, https:\/\/varbiro.hu\/wp-content\/uploads\/2026\/01\/ujraalkotott_ko_BORITO_MUVESZEKKEL_FERDE.jpg 1200w\" sizes=\"(max-width: 1024px) 100vw, 1024px\" \/><\/figure>\n","protected":false},"excerpt":{"rendered":"<p>Vaszary K\u00e9pt\u00e1r, Kaposv\u00e1r 2024. szeptember 9 &#8211; november 30. Ki\u00e1ll\u00edt\u00f3 m\u0171v\u00e9szek: Bar\u00f3thy anna, Csurgai Ferenc, Farkas-Pap \u00c9va, Makra Zolt\u00e1n, Mind\u00e1k Gergely, Szil\u00e1gyi Csilla, Papp Pala L\u00e1szl\u00f3, Varga Tibor, V\u00e1rbir\u00f3 Kinga, Veres Bal\u00e1zs<\/p>\n","protected":false},"author":2,"featured_media":0,"comment_status":"closed","ping_status":"open","sticky":false,"template":"","format":"standard","meta":{"footnotes":""},"categories":[4],"tags":[],"class_list":["post-189","post","type-post","status-publish","format-standard","hentry","category-kiallitas-rendezveny"],"jetpack_featured_media_url":"","_links":{"self":[{"href":"https:\/\/varbiro.hu\/index.php\/wp-json\/wp\/v2\/posts\/189","targetHints":{"allow":["GET"]}}],"collection":[{"href":"https:\/\/varbiro.hu\/index.php\/wp-json\/wp\/v2\/posts"}],"about":[{"href":"https:\/\/varbiro.hu\/index.php\/wp-json\/wp\/v2\/types\/post"}],"author":[{"embeddable":true,"href":"https:\/\/varbiro.hu\/index.php\/wp-json\/wp\/v2\/users\/2"}],"replies":[{"embeddable":true,"href":"https:\/\/varbiro.hu\/index.php\/wp-json\/wp\/v2\/comments?post=189"}],"version-history":[{"count":1,"href":"https:\/\/varbiro.hu\/index.php\/wp-json\/wp\/v2\/posts\/189\/revisions"}],"predecessor-version":[{"id":193,"href":"https:\/\/varbiro.hu\/index.php\/wp-json\/wp\/v2\/posts\/189\/revisions\/193"}],"wp:attachment":[{"href":"https:\/\/varbiro.hu\/index.php\/wp-json\/wp\/v2\/media?parent=189"}],"wp:term":[{"taxonomy":"category","embeddable":true,"href":"https:\/\/varbiro.hu\/index.php\/wp-json\/wp\/v2\/categories?post=189"},{"taxonomy":"post_tag","embeddable":true,"href":"https:\/\/varbiro.hu\/index.php\/wp-json\/wp\/v2\/tags?post=189"}],"curies":[{"name":"wp","href":"https:\/\/api.w.org\/{rel}","templated":true}]}}